[{"command":"insert","method":"replaceWith","selector":"#news-by-categories","data":"\u003Cdiv id=\u0022news-by-categories\u0022 class=\u0022views-row-container\u0022\u003E\u003Cdiv class=\u0022views-rows views-row-container\u0022\u003E\u003Cdiv class=\u0022views-row views-row-container\u0022\u003E\n\u003Carticle role=\u0022article\u0022 about=\u0022\/noticias\/la-biblioteca-de-la-uhu-muestra-la-evolucion-del-libro-con-la-exposicion-del-papel-al-e\u0022 class=\u0022views-row__article u-gradient-t2\u0022\u003E\n\n  \u003Cdiv class=\u0022views-row__icons\u0022\u003E\n    \n    \n    \n    \n  \u003C\/div\u003E\n\n  \u003Cdiv class=\u0022views-row__content\u0022\u003E\n    \n          \u003Ch2 class=\u0022views-row__title o-title o-title--t8\u0022\u003E\n        \u003Ca href=\u0022\/noticias\/la-biblioteca-de-la-uhu-muestra-la-evolucion-del-libro-con-la-exposicion-del-papel-al-e\u0022 rel=\u0022bookmark\u0022\u003E\u003Cspan\u003ELa Biblioteca de la UHU muestra la evoluci\u00f3n del libro con la exposici\u00f3n \u2018Del papel al e-book\u2019\u003C\/span\u003E\n\u003C\/a\u003E\n      \u003C\/h2\u003E\n        \n    \u003Cdiv class=\u0022o-badge\u0022\u003E\n            \u003Cdiv class=\u0022o-badge__item\u0022\u003E\n        \u003Cspan class=\u0022o-badge__txt\u0022\u003E\u003Ca href=\u0022http:\/\/web-pro3.uhu.es\/buscador?field_category_target_id%5B195%5D=195\u0022 hreflang=\u0022es\u0022\u003ECultura\u003C\/a\u003E\u003C\/span\u003E\n      \u003C\/div\u003E\n            \u003Cdiv class=\u0022o-badge__item\u0022\u003E\n        \u003Cspan class=\u0022o-badge__txt\u0022\u003E\u003Ca href=\u0022http:\/\/web-pro3.uhu.es\/buscador?field_category_target_id%5B345%5D=345\u0022 hreflang=\u0022es\u0022\u003EParticipaci\u00f3n Estudiantil\u003C\/a\u003E\u003C\/span\u003E\n      \u003C\/div\u003E\n      \u003C\/div\u003E\n  \u003C\/div\u003E\n\n  \n\n            \u003Cdiv class=\u0022field field--name-field-outstanding-image field__item\u0022\u003E\u003Carticle\u003E\n  \n      \n\n    \u003Cimg src=\u0022\/sites\/default\/files\/2026-04\/6019287638059192548.jpg\u0022 width=\u00221280\u0022 height=\u0022960\u0022 alt=\u0022libro\u0022 typeof=\u0022foaf:Image\u0022 \/\u003E\n\n\n\n  \u003C\/article\u003E\n\u003C\/div\u003E\n      \n\n  \n  \u003C!-- \u003Cdiv\u003E\n\n  \u003C\/div\u003E\n  --\u003E\n\n\u003C\/article\u003E\n\u003C\/div\u003E\n\u003Cdiv class=\u0022views-row views-row-container\u0022\u003E\n\u003Carticle role=\u0022article\u0022 about=\u0022\/noticias\/promueven-la-investigacion-del-patrimonio-historico-sumergido-de-los-lugares-colombinos-de\u0022 class=\u0022views-row__article u-gradient-t2\u0022\u003E\n\n  \u003Cdiv class=\u0022views-row__icons\u0022\u003E\n    \n    \n    \n    \n  \u003C\/div\u003E\n\n  \u003Cdiv class=\u0022views-row__content\u0022\u003E\n    \n          \u003Ch2 class=\u0022views-row__title o-title o-title--t8\u0022\u003E\n        \u003Ca href=\u0022\/noticias\/promueven-la-investigacion-del-patrimonio-historico-sumergido-de-los-lugares-colombinos-de\u0022 rel=\u0022bookmark\u0022\u003E\u003Cspan\u003EPromueven la investigaci\u00f3n del patrimonio hist\u00f3rico sumergido de los lugares colombinos de Huelva y del Golfo de C\u00e1diz\u003C\/span\u003E\n\u003C\/a\u003E\n      \u003C\/h2\u003E\n        \n    \u003Cdiv class=\u0022o-badge\u0022\u003E\n            \u003Cdiv class=\u0022o-badge__item\u0022\u003E\n        \u003Cspan class=\u0022o-badge__txt\u0022\u003E\u003Ca href=\u0022http:\/\/web-pro3.uhu.es\/buscador?field_category_target_id%5B195%5D=195\u0022 hreflang=\u0022es\u0022\u003ECultura\u003C\/a\u003E\u003C\/span\u003E\n      \u003C\/div\u003E\n            \u003Cdiv class=\u0022o-badge__item\u0022\u003E\n        \u003Cspan class=\u0022o-badge__txt\u0022\u003E\u003Ca href=\u0022http:\/\/web-pro3.uhu.es\/buscador?field_category_target_id%5B346%5D=346\u0022 hreflang=\u0022es\u0022\u003EC\u00e1tedras Externas\u003C\/a\u003E\u003C\/span\u003E\n      \u003C\/div\u003E\n      \u003C\/div\u003E\n  \u003C\/div\u003E\n\n  \n\n            \u003Cdiv class=\u0022field field--name-field-outstanding-image field__item\u0022\u003E\u003Carticle\u003E\n  \n      \n\n    \u003Cimg src=\u0022\/sites\/default\/files\/2026-04\/6017303968758828090.jpg\u0022 width=\u00221280\u0022 height=\u0022960\u0022 alt=\u0022Promueven la investigaci\u00f3n del patrimonio hist\u00f3rico sumergido de los lugares colombinos de Huelva y del Golfo de C\u00e1diz\u0022 typeof=\u0022foaf:Image\u0022 \/\u003E\n\n\n\n  \u003C\/article\u003E\n\u003C\/div\u003E\n      \n\n  \n  \u003C!-- \u003Cdiv\u003E\n\n  \u003C\/div\u003E\n  --\u003E\n\n\u003C\/article\u003E\n\u003C\/div\u003E\n\u003Cdiv class=\u0022views-row views-row-container\u0022\u003E\n\u003Carticle role=\u0022article\u0022 about=\u0022\/noticias\/los-mejores-arqueros-universitarios-de-espana-toman-huelva-en-un-campeonato-de-maximo\u0022 class=\u0022views-row__article u-gradient-t2\u0022\u003E\n\n  \u003Cdiv class=\u0022views-row__icons\u0022\u003E\n    \n    \n    \n    \n  \u003C\/div\u003E\n\n  \u003Cdiv class=\u0022views-row__content\u0022\u003E\n    \n          \u003Ch2 class=\u0022views-row__title o-title o-title--t8\u0022\u003E\n        \u003Ca href=\u0022\/noticias\/los-mejores-arqueros-universitarios-de-espana-toman-huelva-en-un-campeonato-de-maximo\u0022 rel=\u0022bookmark\u0022\u003E\u003Cspan\u003ELos mejores arqueros universitarios de Espa\u00f1a toman Huelva en un campeonato de m\u00e1ximo nivel\u003C\/span\u003E\n\u003C\/a\u003E\n      \u003C\/h2\u003E\n        \n    \u003Cdiv class=\u0022o-badge\u0022\u003E\n            \u003Cdiv class=\u0022o-badge__item\u0022\u003E\n        \u003Cspan class=\u0022o-badge__txt\u0022\u003E\u003Ca href=\u0022http:\/\/web-pro3.uhu.es\/buscador?field_category_target_id%5B256%5D=256\u0022 hreflang=\u0022es\u0022\u003EDeporte\u003C\/a\u003E\u003C\/span\u003E\n      \u003C\/div\u003E\n      \u003C\/div\u003E\n  \u003C\/div\u003E\n\n  \n\n            \u003Cdiv class=\u0022field field--name-field-outstanding-image field__item\u0022\u003E\u003Carticle\u003E\n  \n      \n\n    \u003Cimg src=\u0022\/sites\/default\/files\/2026-04\/_DSC3331.jpg\u0022 width=\u00226192\u0022 height=\u00224128\u0022 alt=\u0022arco\u0022 typeof=\u0022foaf:Image\u0022 \/\u003E\n\n\n\n  \u003C\/article\u003E\n\u003C\/div\u003E\n      \n\n  \n  \u003C!-- \u003Cdiv\u003E\n\n  \u003C\/div\u003E\n  --\u003E\n\n\u003C\/article\u003E\n\u003C\/div\u003E\n\u003Cdiv class=\u0022views-row views-row-container\u0022\u003E\n\u003Carticle role=\u0022article\u0022 about=\u0022\/noticias\/la-uhu-y-aguas-de-huelva-premian-el-talento-joven-que-impulsara-la-transformacion-social-y\u0022 class=\u0022views-row__article u-gradient-t2\u0022\u003E\n\n  \u003Cdiv class=\u0022views-row__icons\u0022\u003E\n    \n    \n    \n\n\u003Cdiv class=\u0022views-row__icon o-icon-txt o-icon-txt--circle\u0022\u003E\n    \u003Ci class=\u0022o-icon-txt__icon lar la-image\u0022\u003E\u003C\/i\u003E\n\u003C\/div\u003E\n\n\n\n\n\n    \n  \u003C\/div\u003E\n\n  \u003Cdiv class=\u0022views-row__content\u0022\u003E\n    \n          \u003Ch2 class=\u0022views-row__title o-title o-title--t8\u0022\u003E\n        \u003Ca href=\u0022\/noticias\/la-uhu-y-aguas-de-huelva-premian-el-talento-joven-que-impulsara-la-transformacion-social-y\u0022 rel=\u0022bookmark\u0022\u003E\u003Cspan\u003ELa UHU y Aguas de Huelva premian el talento joven que impulsar\u00e1 la transformaci\u00f3n social y sostenible de la ciudad\u003C\/span\u003E\n\u003C\/a\u003E\n      \u003C\/h2\u003E\n        \n    \u003Cdiv class=\u0022o-badge\u0022\u003E\n            \u003Cdiv class=\u0022o-badge__item\u0022\u003E\n        \u003Cspan class=\u0022o-badge__txt\u0022\u003E\u003Ca href=\u0022http:\/\/web-pro3.uhu.es\/buscador?field_category_target_id%5B345%5D=345\u0022 hreflang=\u0022es\u0022\u003EParticipaci\u00f3n Estudiantil\u003C\/a\u003E\u003C\/span\u003E\n      \u003C\/div\u003E\n            \u003Cdiv class=\u0022o-badge__item\u0022\u003E\n        \u003Cspan class=\u0022o-badge__txt\u0022\u003E\u003Ca href=\u0022http:\/\/web-pro3.uhu.es\/buscador?field_category_target_id%5B346%5D=346\u0022 hreflang=\u0022es\u0022\u003EC\u00e1tedras Externas\u003C\/a\u003E\u003C\/span\u003E\n      \u003C\/div\u003E\n      \u003C\/div\u003E\n  \u003C\/div\u003E\n\n  \n\n            \u003Cdiv class=\u0022field field--name-field-outstanding-image field__item\u0022\u003E\u003Carticle\u003E\n  \n      \n\n    \u003Cimg src=\u0022\/sites\/default\/files\/2026-04\/DSC03347.jpg\u0022 width=\u00226037\u0022 height=\u00223393\u0022 alt=\u0022La UHU y Aguas de Huelva premian el talento joven que impulsar\u00e1 la transformaci\u00f3n social y sostenible de la ciudad\u0022 typeof=\u0022foaf:Image\u0022 \/\u003E\n\n\n\n  \u003C\/article\u003E\n\u003C\/div\u003E\n      \n\n  \n  \u003C!-- \u003Cdiv\u003E\n\n  \u003C\/div\u003E\n  --\u003E\n\n\u003C\/article\u003E\n\u003C\/div\u003E\n\u003Cdiv class=\u0022views-row views-row-container\u0022\u003E\n\u003Carticle role=\u0022article\u0022 about=\u0022\/noticias\/la-universidad-de-huelva-abre-un-centro-de-artes-marciales\u0022 class=\u0022views-row__article u-gradient-t2\u0022\u003E\n\n  \u003Cdiv class=\u0022views-row__icons\u0022\u003E\n    \n    \n    \n\n\u003Cdiv class=\u0022views-row__icon o-icon-txt o-icon-txt--circle\u0022\u003E\n    \u003Ci class=\u0022o-icon-txt__icon lar la-image\u0022\u003E\u003C\/i\u003E\n\u003C\/div\u003E\n\n\n\n\n\n    \n  \u003C\/div\u003E\n\n  \u003Cdiv class=\u0022views-row__content\u0022\u003E\n    \n          \u003Ch2 class=\u0022views-row__title o-title o-title--t8\u0022\u003E\n        \u003Ca href=\u0022\/noticias\/la-universidad-de-huelva-abre-un-centro-de-artes-marciales\u0022 rel=\u0022bookmark\u0022\u003E\u003Cspan\u003ELa Universidad de Huelva abre un Centro de Artes Marciales\u003C\/span\u003E\n\u003C\/a\u003E\n      \u003C\/h2\u003E\n        \n    \u003Cdiv class=\u0022o-badge\u0022\u003E\n            \u003Cdiv class=\u0022o-badge__item\u0022\u003E\n        \u003Cspan class=\u0022o-badge__txt\u0022\u003E\u003Ca href=\u0022http:\/\/web-pro3.uhu.es\/buscador?field_category_target_id%5B256%5D=256\u0022 hreflang=\u0022es\u0022\u003EDeporte\u003C\/a\u003E\u003C\/span\u003E\n      \u003C\/div\u003E\n      \u003C\/div\u003E\n  \u003C\/div\u003E\n\n  \n\n            \u003Cdiv class=\u0022field field--name-field-outstanding-image field__item\u0022\u003E\u003Carticle\u003E\n  \n      \n\n    \u003Cimg src=\u0022\/sites\/default\/files\/2026-04\/6001146147172453562.jpg\u0022 width=\u00221280\u0022 height=\u0022719\u0022 alt=\u0022Inaugraci\u00f3n Sala Artes Marciales\u0022 typeof=\u0022foaf:Image\u0022 \/\u003E\n\n\n\n  \u003C\/article\u003E\n\u003C\/div\u003E\n      \n\n  \n  \u003C!-- \u003Cdiv\u003E\n\n  \u003C\/div\u003E\n  --\u003E\n\n\u003C\/article\u003E\n\u003C\/div\u003E\n\u003Cdiv class=\u0022views-row views-row-container\u0022\u003E\n\u003Carticle role=\u0022article\u0022 about=\u0022\/noticias\/la-universidad-de-huelva-reivindica-la-investigacion-feminista-y-la-igualdad-en-la-ii\u0022 class=\u0022views-row__article u-gradient-t2\u0022\u003E\n\n  \u003Cdiv class=\u0022views-row__icons\u0022\u003E\n    \n    \n    \n\n\u003Cdiv class=\u0022views-row__icon o-icon-txt o-icon-txt--circle\u0022\u003E\n    \u003Ci class=\u0022o-icon-txt__icon lar la-image\u0022\u003E\u003C\/i\u003E\n\u003C\/div\u003E\n\n\n\n\n\n    \n  \u003C\/div\u003E\n\n  \u003Cdiv class=\u0022views-row__content\u0022\u003E\n    \n          \u003Ch2 class=\u0022views-row__title o-title o-title--t8\u0022\u003E\n        \u003Ca href=\u0022\/noticias\/la-universidad-de-huelva-reivindica-la-investigacion-feminista-y-la-igualdad-en-la-ii\u0022 rel=\u0022bookmark\u0022\u003E\u003Cspan\u003ELa Universidad de Huelva reivindica la investigaci\u00f3n feminista y la igualdad en la II edici\u00f3n de los Premios Clara Campoamor\u003C\/span\u003E\n\u003C\/a\u003E\n      \u003C\/h2\u003E\n        \n    \u003Cdiv class=\u0022o-badge\u0022\u003E\n            \u003Cdiv class=\u0022o-badge__item\u0022\u003E\n        \u003Cspan class=\u0022o-badge__txt\u0022\u003E\u003Ca href=\u0022http:\/\/web-pro3.uhu.es\/buscador?field_category_target_id%5B195%5D=195\u0022 hreflang=\u0022es\u0022\u003ECultura\u003C\/a\u003E\u003C\/span\u003E\n      \u003C\/div\u003E\n            \u003Cdiv class=\u0022o-badge__item\u0022\u003E\n        \u003Cspan class=\u0022o-badge__txt\u0022\u003E\u003Ca href=\u0022http:\/\/web-pro3.uhu.es\/buscador?field_category_target_id%5B344%5D=344\u0022 hreflang=\u0022es\u0022\u003EIgualdad\u003C\/a\u003E\u003C\/span\u003E\n      \u003C\/div\u003E\n            \u003Cdiv class=\u0022o-badge__item\u0022\u003E\n        \u003Cspan class=\u0022o-badge__txt\u0022\u003E\u003Ca href=\u0022http:\/\/web-pro3.uhu.es\/buscador?field_category_target_id%5B346%5D=346\u0022 hreflang=\u0022es\u0022\u003EC\u00e1tedras Externas\u003C\/a\u003E\u003C\/span\u003E\n      \u003C\/div\u003E\n      \u003C\/div\u003E\n  \u003C\/div\u003E\n\n  \n\n            \u003Cdiv class=\u0022field field--name-field-outstanding-image field__item\u0022\u003E\u003Carticle\u003E\n  \n      \n\n    \u003Cimg src=\u0022\/sites\/default\/files\/2026-04\/DSC03292.jpg\u0022 width=\u00226192\u0022 height=\u00223480\u0022 alt=\u0022\ud83c\udf93\u2728 La Universidad de Huelva apuesta por la igualdad y la investigaci\u00f3n feminista\u0022 typeof=\u0022foaf:Image\u0022 \/\u003E\n\n\n\n  \u003C\/article\u003E\n\u003C\/div\u003E\n      \n\n  \n  \u003C!-- \u003Cdiv\u003E\n\n  \u003C\/div\u003E\n  --\u003E\n\n\u003C\/article\u003E\n\u003C\/div\u003E\n\u003Cdiv class=\u0022views-row views-row-container\u0022\u003E\n\u003Carticle role=\u0022article\u0022 about=\u0022\/noticias\/la-biblioteca-de-la-uhu-celebra-el-dia-del-libro-con-exposiciones-actividades\u0022 class=\u0022views-row__article u-gradient-t2\u0022\u003E\n\n  \u003Cdiv class=\u0022views-row__icons\u0022\u003E\n    \n    \n    \n    \n  \u003C\/div\u003E\n\n  \u003Cdiv class=\u0022views-row__content\u0022\u003E\n    \n          \u003Ch2 class=\u0022views-row__title o-title o-title--t8\u0022\u003E\n        \u003Ca href=\u0022\/noticias\/la-biblioteca-de-la-uhu-celebra-el-dia-del-libro-con-exposiciones-actividades\u0022 rel=\u0022bookmark\u0022\u003E\u003Cspan\u003ELa Biblioteca de la UHU celebra el D\u00eda del Libro con exposiciones, actividades participativas y un mercadillo solidario\u003C\/span\u003E\n\u003C\/a\u003E\n      \u003C\/h2\u003E\n        \n    \u003Cdiv class=\u0022o-badge\u0022\u003E\n            \u003Cdiv class=\u0022o-badge__item\u0022\u003E\n        \u003Cspan class=\u0022o-badge__txt\u0022\u003E\u003Ca href=\u0022http:\/\/web-pro3.uhu.es\/buscador?field_category_target_id%5B195%5D=195\u0022 hreflang=\u0022es\u0022\u003ECultura\u003C\/a\u003E\u003C\/span\u003E\n      \u003C\/div\u003E\n      \u003C\/div\u003E\n  \u003C\/div\u003E\n\n  \n\n            \u003Cdiv class=\u0022field field--name-field-outstanding-image field__item\u0022\u003E\u003Carticle\u003E\n  \n      \n\n    \u003Cimg src=\u0022\/sites\/default\/files\/2026-04\/Infografi%CC%81a%20Di%CC%81a%20del%20Libro%202026.png\u0022 width=\u00221024\u0022 height=\u00221536\u0022 alt=\u0022La Biblioteca de la UHU celebra el D\u00eda del Libro con exposiciones, actividades participativas y un mercadillo solidario\u0022 typeof=\u0022foaf:Image\u0022 \/\u003E\n\n\n\n  \u003C\/article\u003E\n\u003C\/div\u003E\n      \n\n  \n  \u003C!-- \u003Cdiv\u003E\n\n  \u003C\/div\u003E\n  --\u003E\n\n\u003C\/article\u003E\n\u003C\/div\u003E\n\u003Cdiv class=\u0022views-row views-row-container\u0022\u003E\n\u003Carticle role=\u0022article\u0022 about=\u0022\/noticias\/la-uhu-busca-comprender-la-relacion-entre-los-trastornos-mentales-traves-del-innovador\u0022 class=\u0022views-row__article u-gradient-t2\u0022\u003E\n\n  \u003Cdiv class=\u0022views-row__icons\u0022\u003E\n    \n    \n    \n    \n  \u003C\/div\u003E\n\n  \u003Cdiv class=\u0022views-row__content\u0022\u003E\n    \n          \u003Ch2 class=\u0022views-row__title o-title o-title--t8\u0022\u003E\n        \u003Ca href=\u0022\/noticias\/la-uhu-busca-comprender-la-relacion-entre-los-trastornos-mentales-traves-del-innovador\u0022 rel=\u0022bookmark\u0022\u003E\u003Cspan\u003ELa UHU busca comprender la relaci\u00f3n entre los trastornos mentales a trav\u00e9s del innovador enfoque HiTOP y optimizar su evaluaci\u00f3n cl\u00ednica \u003C\/span\u003E\n\u003C\/a\u003E\n      \u003C\/h2\u003E\n        \n    \u003Cdiv class=\u0022o-badge\u0022\u003E\n            \u003Cdiv class=\u0022o-badge__item\u0022\u003E\n        \u003Cspan class=\u0022o-badge__txt\u0022\u003E\u003Ca href=\u0022http:\/\/web-pro3.uhu.es\/buscador?field_category_target_id%5B267%5D=267\u0022 hreflang=\u0022es\u0022\u003ESalud\u003C\/a\u003E\u003C\/span\u003E\n      \u003C\/div\u003E\n            \u003Cdiv class=\u0022o-badge__item\u0022\u003E\n        \u003Cspan class=\u0022o-badge__txt\u0022\u003E\u003Ca href=\u0022http:\/\/web-pro3.uhu.es\/buscador?field_category_target_id%5B345%5D=345\u0022 hreflang=\u0022es\u0022\u003EParticipaci\u00f3n Estudiantil\u003C\/a\u003E\u003C\/span\u003E\n      \u003C\/div\u003E\n      \u003C\/div\u003E\n  \u003C\/div\u003E\n\n  \n\n            \u003Cdiv class=\u0022field field--name-field-outstanding-image field__item\u0022\u003E\u003Carticle\u003E\n  \n      \n\n    \u003Cimg src=\u0022\/sites\/default\/files\/2026-04\/carmen-batanero.jpeg\u0022 width=\u0022878\u0022 height=\u0022657\u0022 alt=\u0022La UHU busca comprender la relaci\u00f3n entre los trastornos mentales a trav\u00e9s del innovador enfoque HiTOP y optimizar su evaluaci\u00f3n cl\u00ednica \u0022 typeof=\u0022foaf:Image\u0022 \/\u003E\n\n\n\n  \u003C\/article\u003E\n\u003C\/div\u003E\n      \n\n  \n  \u003C!-- \u003Cdiv\u003E\n\n  \u003C\/div\u003E\n  --\u003E\n\n\u003C\/article\u003E\n\u003C\/div\u003E\n\u003C\/div\u003E\n\u003C\/div\u003E\n","settings":null,"count":0,"effect":"fade"}]